{"id":50893,"date":"2019-09-22T08:10:21","date_gmt":"2019-09-22T05:10:21","guid":{"rendered":"http:\/\/www.midnighteast.com\/mag\/?p=50893"},"modified":"2019-09-22T08:10:21","modified_gmt":"2019-09-22T05:10:21","slug":"haifa-international-film-festival-2019-guests","status":"publish","type":"post","link":"https:\/\/www.midnighteast.com\/mag\/?p=50893","title":{"rendered":"Haifa International Film Festival 2019: Guests"},"content":{"rendered":"<figure id=\"attachment_50897\" aria-describedby=\"caption-attachment-50897\" style=\"width: 1000px\" class=\"wp-caption aligncenter\"><a href=\"https:\/\/www.midnighteast.com\/mag\/wp-content\/uploads\/2019\/09\/\u05e9\u05e0\u05d5\u05ea-\u05d7\u05d9\u05d9\u05e0\u05d5-\u05d4\u05d9\u05e4\u05d5\u05ea-1-1000x634.jpg\"><img loading=\"lazy\" decoding=\"async\" class=\"size-full wp-image-50897\" src=\"https:\/\/www.midnighteast.com\/mag\/wp-content\/uploads\/2019\/09\/\u05e9\u05e0\u05d5\u05ea-\u05d7\u05d9\u05d9\u05e0\u05d5-\u05d4\u05d9\u05e4\u05d5\u05ea-1-1000x634.jpg\" alt=\"\" width=\"1000\" height=\"634\" srcset=\"https:\/\/www.midnighteast.com\/mag\/wp-content\/uploads\/2019\/09\/\u05e9\u05e0\u05d5\u05ea-\u05d7\u05d9\u05d9\u05e0\u05d5-\u05d4\u05d9\u05e4\u05d5\u05ea-1-1000x634.jpg 1000w, https:\/\/www.midnighteast.com\/mag\/wp-content\/uploads\/2019\/09\/\u05e9\u05e0\u05d5\u05ea-\u05d7\u05d9\u05d9\u05e0\u05d5-\u05d4\u05d9\u05e4\u05d5\u05ea-1-1000x634-300x190.jpg 300w, https:\/\/www.midnighteast.com\/mag\/wp-content\/uploads\/2019\/09\/\u05e9\u05e0\u05d5\u05ea-\u05d7\u05d9\u05d9\u05e0\u05d5-\u05d4\u05d9\u05e4\u05d5\u05ea-1-1000x634-768x487.jpg 768w, https:\/\/www.midnighteast.com\/mag\/wp-content\/uploads\/2019\/09\/\u05e9\u05e0\u05d5\u05ea-\u05d7\u05d9\u05d9\u05e0\u05d5-\u05d4\u05d9\u05e4\u05d5\u05ea-1-1000x634-640x406.jpg 640w, https:\/\/www.midnighteast.com\/mag\/wp-content\/uploads\/2019\/09\/\u05e9\u05e0\u05d5\u05ea-\u05d7\u05d9\u05d9\u05e0\u05d5-\u05d4\u05d9\u05e4\u05d5\u05ea-1-1000x634-980x621.jpg 980w\" sizes=\"auto, (max-width: 1000px) 100vw, 1000px\" \/><\/a><figcaption id=\"caption-attachment-50897\" class=\"wp-caption-text\">The Best Years of a Life\/Photo courtesy of PR<\/figcaption><\/figure>\n<p>French Director Claude Lelouch will be honored with a Lifetime Achievement Award at the opening ceremonies of the 35<sup>th<\/sup> Haifa International Film Festival on October 12, 2019. Lelouch and actor Anouk Aim\u00e9e will be guests of the festival, presenting his latest film, <em>The Best Years of a Life<\/em> (2019), with Jean-Louis Trintignant and Anouk Aim\u00e9e\u00a0reprising their roles in this sequel to <em>A Man and a Woman<\/em> (1966).<\/p>\n<figure id=\"attachment_50896\" aria-describedby=\"caption-attachment-50896\" style=\"width: 1000px\" class=\"wp-caption aligncenter\"><a href=\"https:\/\/www.midnighteast.com\/mag\/wp-content\/uploads\/2019\/09\/\u05d4\u05e8\u05e4\u05ea\u05e7\u05d0\u05d5\u05ea\u05d9\u05d4-\u05e9\u05dc-\u05e4\u05e8\u05d9\u05e1\u05d9\u05dc\u05d4-\u05de\u05dc\u05db\u05ea-\u05d4\u05de\u05d3\u05d1\u05e8-1000x661.jpg\"><img loading=\"lazy\" decoding=\"async\" class=\"size-full wp-image-50896\" src=\"https:\/\/www.midnighteast.com\/mag\/wp-content\/uploads\/2019\/09\/\u05d4\u05e8\u05e4\u05ea\u05e7\u05d0\u05d5\u05ea\u05d9\u05d4-\u05e9\u05dc-\u05e4\u05e8\u05d9\u05e1\u05d9\u05dc\u05d4-\u05de\u05dc\u05db\u05ea-\u05d4\u05de\u05d3\u05d1\u05e8-1000x661.jpg\" alt=\"\" width=\"1000\" height=\"661\" srcset=\"https:\/\/www.midnighteast.com\/mag\/wp-content\/uploads\/2019\/09\/\u05d4\u05e8\u05e4\u05ea\u05e7\u05d0\u05d5\u05ea\u05d9\u05d4-\u05e9\u05dc-\u05e4\u05e8\u05d9\u05e1\u05d9\u05dc\u05d4-\u05de\u05dc\u05db\u05ea-\u05d4\u05de\u05d3\u05d1\u05e8-1000x661.jpg 1000w, https:\/\/www.midnighteast.com\/mag\/wp-content\/uploads\/2019\/09\/\u05d4\u05e8\u05e4\u05ea\u05e7\u05d0\u05d5\u05ea\u05d9\u05d4-\u05e9\u05dc-\u05e4\u05e8\u05d9\u05e1\u05d9\u05dc\u05d4-\u05de\u05dc\u05db\u05ea-\u05d4\u05de\u05d3\u05d1\u05e8-1000x661-300x198.jpg 300w, https:\/\/www.midnighteast.com\/mag\/wp-content\/uploads\/2019\/09\/\u05d4\u05e8\u05e4\u05ea\u05e7\u05d0\u05d5\u05ea\u05d9\u05d4-\u05e9\u05dc-\u05e4\u05e8\u05d9\u05e1\u05d9\u05dc\u05d4-\u05de\u05dc\u05db\u05ea-\u05d4\u05de\u05d3\u05d1\u05e8-1000x661-768x508.jpg 768w, https:\/\/www.midnighteast.com\/mag\/wp-content\/uploads\/2019\/09\/\u05d4\u05e8\u05e4\u05ea\u05e7\u05d0\u05d5\u05ea\u05d9\u05d4-\u05e9\u05dc-\u05e4\u05e8\u05d9\u05e1\u05d9\u05dc\u05d4-\u05de\u05dc\u05db\u05ea-\u05d4\u05de\u05d3\u05d1\u05e8-1000x661-640x423.jpg 640w, https:\/\/www.midnighteast.com\/mag\/wp-content\/uploads\/2019\/09\/\u05d4\u05e8\u05e4\u05ea\u05e7\u05d0\u05d5\u05ea\u05d9\u05d4-\u05e9\u05dc-\u05e4\u05e8\u05d9\u05e1\u05d9\u05dc\u05d4-\u05de\u05dc\u05db\u05ea-\u05d4\u05de\u05d3\u05d1\u05e8-1000x661-980x648.jpg 980w\" sizes=\"auto, (max-width: 1000px) 100vw, 1000px\" \/><\/a><figcaption id=\"caption-attachment-50896\" class=\"wp-caption-text\">The Adventures of Priscilla, Queen of the Desert\/Photo courtesy of PR<\/figcaption><\/figure>\n<p>Celebrating another landmark, Stephan Elliott, director of <em>The Adventures of Priscilla Queen of the Desert<\/em> will come to the festival for a special screening in honor of the cult hit&#8217;s 25<sup>th<\/sup> anniversary. Drag queen Anthony &#8220;Tick&#8221; Belrose (Hugo Weaving) accepts a gig in a hotel managed by his former wife, and together with fellow drag queen Adam Whitely (Guy Pearce) and transgender woman friend Bernadette Bassenger (Terence Stamp) travel across the Australian outback in a tour bus they name Priscilla, Queen of the Desert. Fun, exciting and heart-warming, the film brought drag and LGBT issues into mainstream cinema, making the silver screen a livelier, more colorful, and happier place for all.<\/p>\n<p>The festival will host several prominent industry guests. Polish director, screenwriter and producer Krzysztof Zanussi will chair the jury for the Carmel International Film Competition. His award-winning films have been shown at festivals worldwide, and in addition to films, he has directed in the theatre and published several books on film, as well as a memoir.<\/p>\n<figure id=\"attachment_50898\" aria-describedby=\"caption-attachment-50898\" style=\"width: 1000px\" class=\"wp-caption aligncenter\"><a href=\"https:\/\/www.midnighteast.com\/mag\/wp-content\/uploads\/2019\/09\/\u05de\u05e8-\u05d2_\u05d5\u05e0\u05e1-1000x563.jpg\"><img loading=\"lazy\" decoding=\"async\" class=\"size-full wp-image-50898\" src=\"https:\/\/www.midnighteast.com\/mag\/wp-content\/uploads\/2019\/09\/\u05de\u05e8-\u05d2_\u05d5\u05e0\u05e1-1000x563.jpg\" alt=\"\" width=\"1000\" height=\"563\" srcset=\"https:\/\/www.midnighteast.com\/mag\/wp-content\/uploads\/2019\/09\/\u05de\u05e8-\u05d2_\u05d5\u05e0\u05e1-1000x563.jpg 1000w, https:\/\/www.midnighteast.com\/mag\/wp-content\/uploads\/2019\/09\/\u05de\u05e8-\u05d2_\u05d5\u05e0\u05e1-1000x563-300x169.jpg 300w, https:\/\/www.midnighteast.com\/mag\/wp-content\/uploads\/2019\/09\/\u05de\u05e8-\u05d2_\u05d5\u05e0\u05e1-1000x563-768x432.jpg 768w, https:\/\/www.midnighteast.com\/mag\/wp-content\/uploads\/2019\/09\/\u05de\u05e8-\u05d2_\u05d5\u05e0\u05e1-1000x563-640x360.jpg 640w, https:\/\/www.midnighteast.com\/mag\/wp-content\/uploads\/2019\/09\/\u05de\u05e8-\u05d2_\u05d5\u05e0\u05e1-1000x563-980x552.jpg 980w\" sizes=\"auto, (max-width: 1000px) 100vw, 1000px\" \/><\/a><figcaption id=\"caption-attachment-50898\" class=\"wp-caption-text\">Mr. Jones\/Photo courtesy of PR<\/figcaption><\/figure>\n<p>Esteemed Polish film and television director Agnieszka Holland, chair of the European Film Academy, will present her latest film, <em>Mr. Jones<\/em>. The drama focuses on Gareth Jones, a Welsh journalist who was the first to publicize the 1932 famine in the Soviet Union, revealing the truth behind Stalin&#8217;s regime. Holland will meet with the audience at the festival to discuss her work, and sources of inspiration.<\/p>\n<figure id=\"attachment_50899\" aria-describedby=\"caption-attachment-50899\" style=\"width: 1000px\" class=\"wp-caption aligncenter\"><a href=\"https:\/\/www.midnighteast.com\/mag\/wp-content\/uploads\/2019\/09\/\u05d9\u05d5\u05e6\u05d0\u05d9\u05dd-\u05dc\u05d2\u05e0\u05d5\u05d1-\u05e1\u05d5\u05e1\u05d9\u05dd-1000x419.jpg\"><img loading=\"lazy\" decoding=\"async\" class=\"size-full wp-image-50899\" src=\"https:\/\/www.midnighteast.com\/mag\/wp-content\/uploads\/2019\/09\/\u05d9\u05d5\u05e6\u05d0\u05d9\u05dd-\u05dc\u05d2\u05e0\u05d5\u05d1-\u05e1\u05d5\u05e1\u05d9\u05dd-1000x419.jpg\" alt=\"\" width=\"1000\" height=\"419\" srcset=\"https:\/\/www.midnighteast.com\/mag\/wp-content\/uploads\/2019\/09\/\u05d9\u05d5\u05e6\u05d0\u05d9\u05dd-\u05dc\u05d2\u05e0\u05d5\u05d1-\u05e1\u05d5\u05e1\u05d9\u05dd-1000x419.jpg 1000w, https:\/\/www.midnighteast.com\/mag\/wp-content\/uploads\/2019\/09\/\u05d9\u05d5\u05e6\u05d0\u05d9\u05dd-\u05dc\u05d2\u05e0\u05d5\u05d1-\u05e1\u05d5\u05e1\u05d9\u05dd-1000x419-300x126.jpg 300w, https:\/\/www.midnighteast.com\/mag\/wp-content\/uploads\/2019\/09\/\u05d9\u05d5\u05e6\u05d0\u05d9\u05dd-\u05dc\u05d2\u05e0\u05d5\u05d1-\u05e1\u05d5\u05e1\u05d9\u05dd-1000x419-768x322.jpg 768w, https:\/\/www.midnighteast.com\/mag\/wp-content\/uploads\/2019\/09\/\u05d9\u05d5\u05e6\u05d0\u05d9\u05dd-\u05dc\u05d2\u05e0\u05d5\u05d1-\u05e1\u05d5\u05e1\u05d9\u05dd-1000x419-640x268.jpg 640w, https:\/\/www.midnighteast.com\/mag\/wp-content\/uploads\/2019\/09\/\u05d9\u05d5\u05e6\u05d0\u05d9\u05dd-\u05dc\u05d2\u05e0\u05d5\u05d1-\u05e1\u05d5\u05e1\u05d9\u05dd-1000x419-980x411.jpg 980w\" sizes=\"auto, (max-width: 1000px) 100vw, 1000px\" \/><\/a><figcaption id=\"caption-attachment-50899\" class=\"wp-caption-text\">Out Stealing Horses\/Photo courtesy of PR<\/figcaption><\/figure>\n<p>Norweigian director Hans Petter Moland will be presenting <em>Out Stealing Horses<\/em>, winner of the Silver Bear at the Berlin Film Festival 2019. Based on the 2003 novel by Per Petterson, the film marks another chapter Moland&#8217;s collaboration with actor Stellan Skarsg\u00e5rd, which includes: <em>Zero Kelvin<\/em> (1995), <em>Aberdeen<\/em> (2000), <em>A Somewhat Gentle Man<\/em> (2009), and <em>In Order of Disappearance<\/em> (2014). The latter film will also be shown at the festival.<\/p>\n<p>Helena T\u0159e\u0161t\u00edkov\u00e1, respected documentary filmmaker from the Czech Republic, will present her film <em>Forman vs Forman<\/em>, which follows the life and work of film director Milo\u0161 Forman (1932 \u2013 2018), from his childhood in Czechoslovakia, surviving WWII and coping with the death of his parents in concentration camps, to his immigration to the US and successful career. Forman&#8217;s films include: <em>One Flew Over the Cuckoo&#8217;s Nest<\/em> (1975), <em>Hair<\/em> (1979), and <em>Amadeus<\/em> (1984).<\/p>\n<figure id=\"attachment_50900\" aria-describedby=\"caption-attachment-50900\" style=\"width: 1000px\" class=\"wp-caption aligncenter\"><a href=\"https:\/\/www.midnighteast.com\/mag\/wp-content\/uploads\/2019\/09\/\u05de\u05e8\u05ea\u05d4-\u05db\u05d4\u05df-\u05db\u05d5\u05db\u05d1\u05ea-\u05d4\u05e1\u05e8\u05d8-\u05d4\u05d3\u05d5\u05e7\u05d5\u05de\u05e0\u05d8\u05e8\u05d9-\u05de\u05e8\u05ea\u05d4-\u05db\u05d4\u05df-\u05d0\u05d9\u05da-\u05d4\u05e4\u05db\u05ea\u05d9-\u05d1\u05de\u05e7\u05e8\u05d4-\u05dc\u05de\u05e8\u05d2\u05dc\u05ea-1000x563.jpg\"><img loading=\"lazy\" decoding=\"async\" class=\"size-full wp-image-50900\" src=\"https:\/\/www.midnighteast.com\/mag\/wp-content\/uploads\/2019\/09\/\u05de\u05e8\u05ea\u05d4-\u05db\u05d4\u05df-\u05db\u05d5\u05db\u05d1\u05ea-\u05d4\u05e1\u05e8\u05d8-\u05d4\u05d3\u05d5\u05e7\u05d5\u05de\u05e0\u05d8\u05e8\u05d9-\u05de\u05e8\u05ea\u05d4-\u05db\u05d4\u05df-\u05d0\u05d9\u05da-\u05d4\u05e4\u05db\u05ea\u05d9-\u05d1\u05de\u05e7\u05e8\u05d4-\u05dc\u05de\u05e8\u05d2\u05dc\u05ea-1000x563.jpg\" alt=\"\" width=\"1000\" height=\"563\" srcset=\"https:\/\/www.midnighteast.com\/mag\/wp-content\/uploads\/2019\/09\/\u05de\u05e8\u05ea\u05d4-\u05db\u05d4\u05df-\u05db\u05d5\u05db\u05d1\u05ea-\u05d4\u05e1\u05e8\u05d8-\u05d4\u05d3\u05d5\u05e7\u05d5\u05de\u05e0\u05d8\u05e8\u05d9-\u05de\u05e8\u05ea\u05d4-\u05db\u05d4\u05df-\u05d0\u05d9\u05da-\u05d4\u05e4\u05db\u05ea\u05d9-\u05d1\u05de\u05e7\u05e8\u05d4-\u05dc\u05de\u05e8\u05d2\u05dc\u05ea-1000x563.jpg 1000w, https:\/\/www.midnighteast.com\/mag\/wp-content\/uploads\/2019\/09\/\u05de\u05e8\u05ea\u05d4-\u05db\u05d4\u05df-\u05db\u05d5\u05db\u05d1\u05ea-\u05d4\u05e1\u05e8\u05d8-\u05d4\u05d3\u05d5\u05e7\u05d5\u05de\u05e0\u05d8\u05e8\u05d9-\u05de\u05e8\u05ea\u05d4-\u05db\u05d4\u05df-\u05d0\u05d9\u05da-\u05d4\u05e4\u05db\u05ea\u05d9-\u05d1\u05de\u05e7\u05e8\u05d4-\u05dc\u05de\u05e8\u05d2\u05dc\u05ea-1000x563-300x169.jpg 300w, https:\/\/www.midnighteast.com\/mag\/wp-content\/uploads\/2019\/09\/\u05de\u05e8\u05ea\u05d4-\u05db\u05d4\u05df-\u05db\u05d5\u05db\u05d1\u05ea-\u05d4\u05e1\u05e8\u05d8-\u05d4\u05d3\u05d5\u05e7\u05d5\u05de\u05e0\u05d8\u05e8\u05d9-\u05de\u05e8\u05ea\u05d4-\u05db\u05d4\u05df-\u05d0\u05d9\u05da-\u05d4\u05e4\u05db\u05ea\u05d9-\u05d1\u05de\u05e7\u05e8\u05d4-\u05dc\u05de\u05e8\u05d2\u05dc\u05ea-1000x563-768x432.jpg 768w, https:\/\/www.midnighteast.com\/mag\/wp-content\/uploads\/2019\/09\/\u05de\u05e8\u05ea\u05d4-\u05db\u05d4\u05df-\u05db\u05d5\u05db\u05d1\u05ea-\u05d4\u05e1\u05e8\u05d8-\u05d4\u05d3\u05d5\u05e7\u05d5\u05de\u05e0\u05d8\u05e8\u05d9-\u05de\u05e8\u05ea\u05d4-\u05db\u05d4\u05df-\u05d0\u05d9\u05da-\u05d4\u05e4\u05db\u05ea\u05d9-\u05d1\u05de\u05e7\u05e8\u05d4-\u05dc\u05de\u05e8\u05d2\u05dc\u05ea-1000x563-640x360.jpg 640w, https:\/\/www.midnighteast.com\/mag\/wp-content\/uploads\/2019\/09\/\u05de\u05e8\u05ea\u05d4-\u05db\u05d4\u05df-\u05db\u05d5\u05db\u05d1\u05ea-\u05d4\u05e1\u05e8\u05d8-\u05d4\u05d3\u05d5\u05e7\u05d5\u05de\u05e0\u05d8\u05e8\u05d9-\u05de\u05e8\u05ea\u05d4-\u05db\u05d4\u05df-\u05d0\u05d9\u05da-\u05d4\u05e4\u05db\u05ea\u05d9-\u05d1\u05de\u05e7\u05e8\u05d4-\u05dc\u05de\u05e8\u05d2\u05dc\u05ea-1000x563-980x552.jpg 980w\" sizes=\"auto, (max-width: 1000px) 100vw, 1000px\" \/><\/a><figcaption id=\"caption-attachment-50900\" class=\"wp-caption-text\">Marthe Cohn &#8211; Chichinette\/Photo courtesy of PR<\/figcaption><\/figure>\n<p>Marthe Cohn, known as Chichinette, will present the film based on her exciting life: <em>Chichinette \u2013 How I Accidentally Became a Spy<\/em>. Breaking a 60-year silence, Cohn reveals how she fought the Nazis.<\/p>\n<figure id=\"attachment_50902\" aria-describedby=\"caption-attachment-50902\" style=\"width: 1000px\" class=\"wp-caption aligncenter\"><a href=\"https:\/\/www.midnighteast.com\/mag\/wp-content\/uploads\/2019\/09\/\u05e1\u05e7\u05d9\u05df-2-1000x466.jpg\"><img loading=\"lazy\" decoding=\"async\" class=\"size-full wp-image-50902\" src=\"https:\/\/www.midnighteast.com\/mag\/wp-content\/uploads\/2019\/09\/\u05e1\u05e7\u05d9\u05df-2-1000x466.jpg\" alt=\"\" width=\"1000\" height=\"466\" srcset=\"https:\/\/www.midnighteast.com\/mag\/wp-content\/uploads\/2019\/09\/\u05e1\u05e7\u05d9\u05df-2-1000x466.jpg 1000w, https:\/\/www.midnighteast.com\/mag\/wp-content\/uploads\/2019\/09\/\u05e1\u05e7\u05d9\u05df-2-1000x466-300x140.jpg 300w, https:\/\/www.midnighteast.com\/mag\/wp-content\/uploads\/2019\/09\/\u05e1\u05e7\u05d9\u05df-2-1000x466-768x358.jpg 768w, https:\/\/www.midnighteast.com\/mag\/wp-content\/uploads\/2019\/09\/\u05e1\u05e7\u05d9\u05df-2-1000x466-640x298.jpg 640w, https:\/\/www.midnighteast.com\/mag\/wp-content\/uploads\/2019\/09\/\u05e1\u05e7\u05d9\u05df-2-1000x466-980x457.jpg 980w\" sizes=\"auto, (max-width: 1000px) 100vw, 1000px\" \/><\/a><figcaption id=\"caption-attachment-50902\" class=\"wp-caption-text\">Skin\/Photo courtesy of PR<\/figcaption><\/figure>\n<p>Israeli director and screenwriter Guy Nattiv, who lives and works in Los Angeles, will present his feature film <em>Skin<\/em>, a biographical drama based on the life of Byron Widner, a former skinhead, that stars Jamie Bell. Nattiv&#8217;s short (unrelated) feature, <em>Skin<\/em>, won the Academy Award for Best Live Action Short Film 2018.<\/p>\n","protected":false},"excerpt":{"rendered":"<p>French Director Claude Lelouch will be honored with a Lifetime Achievement Award at the opening ceremonies of the 35th Haifa International Film Festival on October 12, 2019. Lelouch and actor Anouk Aim\u00e9e will be guests of the festival, presenting his latest film, The Best Years of a Life (2019), with Jean-Louis Trintignant and Anouk Aim\u00e9e\u00a0reprising [&hellip;]<\/p>\n","protected":false},"author":3,"featured_media":50896,"comment_status":"open","ping_status":"open","sticky":false,"template":"","format":"standard","meta":{"footnotes":""},"categories":[5],"tags":[],"class_list":["post-50893","post","type-post","status-publish","format-standard","has-post-thumbnail","hentry","category-film"],"_links":{"self":[{"href":"https:\/\/www.midnighteast.com\/mag\/index.php?rest_route=\/wp\/v2\/posts\/50893","targetHints":{"allow":["GET"]}}],"collection":[{"href":"https:\/\/www.midnighteast.com\/mag\/index.php?rest_route=\/wp\/v2\/posts"}],"about":[{"href":"https:\/\/www.midnighteast.com\/mag\/index.php?rest_route=\/wp\/v2\/types\/post"}],"author":[{"embeddable":true,"href":"https:\/\/www.midnighteast.com\/mag\/index.php?rest_route=\/wp\/v2\/users\/3"}],"replies":[{"embeddable":true,"href":"https:\/\/www.midnighteast.com\/mag\/index.php?rest_route=%2Fwp%2Fv2%2Fcomments&post=50893"}],"version-history":[{"count":0,"href":"https:\/\/www.midnighteast.com\/mag\/index.php?rest_route=\/wp\/v2\/posts\/50893\/revisions"}],"wp:featuredmedia":[{"embeddable":true,"href":"https:\/\/www.midnighteast.com\/mag\/index.php?rest_route=\/wp\/v2\/media\/50896"}],"wp:attachment":[{"href":"https:\/\/www.midnighteast.com\/mag\/index.php?rest_route=%2Fwp%2Fv2%2Fmedia&parent=50893"}],"wp:term":[{"taxonomy":"category","embeddable":true,"href":"https:\/\/www.midnighteast.com\/mag\/index.php?rest_route=%2Fwp%2Fv2%2Fcategories&post=50893"},{"taxonomy":"post_tag","embeddable":true,"href":"https:\/\/www.midnighteast.com\/mag\/index.php?rest_route=%2Fwp%2Fv2%2Ftags&post=50893"}],"curies":[{"name":"wp","href":"https:\/\/api.w.org\/{rel}","templated":true}]}}